{"id":1280,"date":"2023-02-17T14:38:40","date_gmt":"2023-02-17T12:38:40","guid":{"rendered":"https:\/\/www.tallari.net\/?p=1280"},"modified":"2023-10-17T15:24:40","modified_gmt":"2023-10-17T12:24:40","slug":"anna-morottaja-ja-livden-lumo","status":"publish","type":"post","link":"https:\/\/www.tallari.net\/en\/anna-morottaja-ja-livden-lumo\/","title":{"rendered":"Anna Morottaja ja liv\u0111en lumo"},"content":{"rendered":"<p>Kev\u00e4\u00e4n ensimm\u00e4isess\u00e4 kausikonsertissa saimme vieraaksemme inarinsaamelaisen muusikon Anna Morottajan!<\/p>\n\n\n\n<p>Konsertin ohjelma koostui p\u00e4\u00e4osin Anna Morottajan isot\u00e4din Anna Briitta Mattuksen liv\u0111eist\u00e4, joita taustoittavat tarinat niiden aiheina olevista ihmisist\u00e4.  Liv\u0111ess\u00e4 piirret\u00e4\u00e4n koko ihmisen tai joskus el\u00e4imen muotokuva pikemmin \u00e4\u00e4nenk\u00e4yt\u00f6n kuin sanallisen tarinan keinoin. \u201dMinulle liv\u0111en keski\u00f6ss\u00e4 on tunne. Suvun liv\u0111ejen oppiminen on rakentanut yhteyden ihmisiin, joita en koskaan ole tavannut\u201d, Anna Morottaja kuvailee. <\/p>\n\n\n\n<p>Perinteisesti liv\u0111et ovat s\u00e4estyksett\u00f6mi\u00e4, joten sovitukset pyrittiin tekem\u00e4\u00e4n hienovaraisesti perinteeseen sopiviksi. Upea, koskettava konserttikokemus syntyi niin lavan kuin yleis\u00f6nkin puolella ja mukavaa, ett\u00e4 yhteisty\u00f6 saa pian jatkoa!<\/p>\n\n\n\n<p>Kuva: Susanna Salokannel<\/p>\n\n\n\n<p><\/p>","protected":false},"excerpt":{"rendered":"<p>Kev\u00e4\u00e4n ensimm\u00e4isess\u00e4 kausikonsertissa saimme vieraaksemme inarinsaamelaisen muusikon Anna Morottajan! Konsertin ohjelma koostui p\u00e4\u00e4osin Anna Morottajan isot\u00e4din Anna Briitta Mattuksen liv\u0111eist\u00e4, joita taustoittavat tarinat niiden aiheina olevista ihmisist\u00e4. Liv\u0111ess\u00e4 piirret\u00e4\u00e4n koko ihmisen tai joskus el\u00e4imen muotokuva pikemmin \u00e4\u00e4nenk\u00e4yt\u00f6n kuin sanallisen tarinan keinoin. \u201dMinulle liv\u0111en keski\u00f6ss\u00e4 on tunne. Suvun liv\u0111ejen oppiminen on rakentanut yhteyden ihmisiin, joita en [&hellip;]<\/p>\n","protected":false},"author":5,"featured_media":1285,"comment_status":"closed","ping_status":"open","sticky":false,"template":"","format":"standard","meta":{"_et_pb_use_builder":"off","_et_pb_old_content":"","_et_gb_content_width":"","footnotes":""},"categories":[1],"tags":[],"class_list":["post-1280","post","type-post","status-publish","format-standard","has-post-thumbnail","hentry","category-uncategorized"],"_links":{"self":[{"href":"https:\/\/www.tallari.net\/en\/wp-json\/wp\/v2\/posts\/1280","targetHints":{"allow":["GET"]}}],"collection":[{"href":"https:\/\/www.tallari.net\/en\/wp-json\/wp\/v2\/posts"}],"about":[{"href":"https:\/\/www.tallari.net\/en\/wp-json\/wp\/v2\/types\/post"}],"author":[{"embeddable":true,"href":"https:\/\/www.tallari.net\/en\/wp-json\/wp\/v2\/users\/5"}],"replies":[{"embeddable":true,"href":"https:\/\/www.tallari.net\/en\/wp-json\/wp\/v2\/comments?post=1280"}],"version-history":[{"count":3,"href":"https:\/\/www.tallari.net\/en\/wp-json\/wp\/v2\/posts\/1280\/revisions"}],"predecessor-version":[{"id":1284,"href":"https:\/\/www.tallari.net\/en\/wp-json\/wp\/v2\/posts\/1280\/revisions\/1284"}],"wp:featuredmedia":[{"embeddable":true,"href":"https:\/\/www.tallari.net\/en\/wp-json\/wp\/v2\/media\/1285"}],"wp:attachment":[{"href":"https:\/\/www.tallari.net\/en\/wp-json\/wp\/v2\/media?parent=1280"}],"wp:term":[{"taxonomy":"category","embeddable":true,"href":"https:\/\/www.tallari.net\/en\/wp-json\/wp\/v2\/categories?post=1280"},{"taxonomy":"post_tag","embeddable":true,"href":"https:\/\/www.tallari.net\/en\/wp-json\/wp\/v2\/tags?post=1280"}],"curies":[{"name":"wp","href":"https:\/\/api.w.org\/{rel}","templated":true}]}}