{"id":1400,"date":"2023-09-01T14:41:37","date_gmt":"2023-09-01T11:41:37","guid":{"rendered":"https:\/\/www.tallari.net\/?p=1400"},"modified":"2023-09-14T14:49:50","modified_gmt":"2023-09-14T11:49:50","slug":"uusi-koulukonserttikonsepti","status":"publish","type":"post","link":"https:\/\/www.tallari.net\/en\/uusi-koulukonserttikonsepti\/","title":{"rendered":"Uusi koulukonserttikonsepti"},"content":{"rendered":"<p>Tallarin koulukonserttitoiminnassa kokeillaan tulevana kautena uutta konseptia, jossa<br>yhtyeen peruskokoonpano jakautuu kahtia ja saa t\u00e4ydennyksekseen vierailijoita.<br>Tulevaisuudessa voi siis bongata Tallarin koulukeikalta yht\u00e4 aikaa kahdesta paikasta <br>aivan eri puolilta maata. Heti syyskuun alussa Katri Haukilahti ja Sampo Korva<br>suuntaavat yhtyeen aiemman johtajan Arto Anttilan kanssa koulukeikoille Keski-<br>Pohjanmaalle. Arto J\u00e4rvel\u00e4 ja Esko J\u00e4rvel\u00e4 taas saavat seurakseen Jyv\u00e4skyl\u00e4st\u00e4 It\u00e4-<br>Suomeen suuntautuvalle kiertueelle kansanmusiikkisellisti Liisa Haapasen.<br>\u201dKoulukonsertit ovat Tallarille keskeisi\u00e4, koska niiden kautta saadaan viety\u00e4 tietoutta<br>musiikillisista perinteist\u00e4 mahdollisimman laajalle joukolle lapsia ja nuoria, ja t\u00e4h\u00e4n<br>haluamme panostaa lis\u00e4\u00e4. Toisaalta vierailijoiden k\u00e4ytt\u00f6 on eritt\u00e4in luontevaa, yhtye<br>on jo pitk\u00e4\u00e4n lis\u00e4nnyt yhteist\u00f6it\u00e4 ja tuotantoja vierailijoiden kanssa ja vahvistanut<br>my\u00f6s sit\u00e4 kautta alan osaamista ja ty\u00f6tilaisuuksia. L\u00e4hdemme innolla kokeilemaan<br>uutta\u201d, kertoo yhtyeen koulukonserttitoimintaa organisoiva yhteis\u00f6tuottaja Henna<br>Leisi\u00f6.<\/p>","protected":false},"excerpt":{"rendered":"<p>Tallarin koulukonserttitoiminnassa kokeillaan tulevana kautena uutta konseptia, jossayhtyeen peruskokoonpano jakautuu kahtia ja saa t\u00e4ydennyksekseen vierailijoita.Tulevaisuudessa voi siis bongata Tallarin koulukeikalta yht\u00e4 aikaa kahdesta paikasta aivan eri puolilta maata. Heti syyskuun alussa Katri Haukilahti ja Sampo Korvasuuntaavat yhtyeen aiemman johtajan Arto Anttilan kanssa koulukeikoille Keski-Pohjanmaalle. Arto J\u00e4rvel\u00e4 ja Esko J\u00e4rvel\u00e4 taas saavat seurakseen Jyv\u00e4skyl\u00e4st\u00e4 It\u00e4-Suomeen suuntautuvalle [&hellip;]<\/p>\n","protected":false},"author":5,"featured_media":1401,"comment_status":"closed","ping_status":"open","sticky":false,"template":"","format":"standard","meta":{"_et_pb_use_builder":"off","_et_pb_old_content":"","_et_gb_content_width":"","footnotes":""},"categories":[1],"tags":[],"class_list":["post-1400","post","type-post","status-publish","format-standard","has-post-thumbnail","hentry","category-uncategorized"],"_links":{"self":[{"href":"https:\/\/www.tallari.net\/en\/wp-json\/wp\/v2\/posts\/1400","targetHints":{"allow":["GET"]}}],"collection":[{"href":"https:\/\/www.tallari.net\/en\/wp-json\/wp\/v2\/posts"}],"about":[{"href":"https:\/\/www.tallari.net\/en\/wp-json\/wp\/v2\/types\/post"}],"author":[{"embeddable":true,"href":"https:\/\/www.tallari.net\/en\/wp-json\/wp\/v2\/users\/5"}],"replies":[{"embeddable":true,"href":"https:\/\/www.tallari.net\/en\/wp-json\/wp\/v2\/comments?post=1400"}],"version-history":[{"count":2,"href":"https:\/\/www.tallari.net\/en\/wp-json\/wp\/v2\/posts\/1400\/revisions"}],"predecessor-version":[{"id":1404,"href":"https:\/\/www.tallari.net\/en\/wp-json\/wp\/v2\/posts\/1400\/revisions\/1404"}],"wp:featuredmedia":[{"embeddable":true,"href":"https:\/\/www.tallari.net\/en\/wp-json\/wp\/v2\/media\/1401"}],"wp:attachment":[{"href":"https:\/\/www.tallari.net\/en\/wp-json\/wp\/v2\/media?parent=1400"}],"wp:term":[{"taxonomy":"category","embeddable":true,"href":"https:\/\/www.tallari.net\/en\/wp-json\/wp\/v2\/categories?post=1400"},{"taxonomy":"post_tag","embeddable":true,"href":"https:\/\/www.tallari.net\/en\/wp-json\/wp\/v2\/tags?post=1400"}],"curies":[{"name":"wp","href":"https:\/\/api.w.org\/{rel}","templated":true}]}}